{"id":547,"date":"2021-02-14T10:30:00","date_gmt":"2021-02-14T09:30:00","guid":{"rendered":"http:\/\/www.seelaenderspargeln.ch\/?p=547"},"modified":"2021-02-14T13:39:07","modified_gmt":"2021-02-14T12:39:07","slug":"2014","status":"publish","type":"post","link":"https:\/\/www.seelaenderspargeln.ch\/fr\/2021\/02\/14\/2014\/","title":{"rendered":"2014"},"content":{"rendered":"<p>In diesem Fr\u00fchling beginnt die Spargelsaison \u00fcberraschend fr\u00fch anfangs April. Der Freiburgische Agropreis wird am Abend vor dem Spargelfest verliehen und wir durften den 1. Platz mit nach Hause nehmen. Auch dieses Jahr bilden wir uns weiter und besuchen den gr\u00f6ssten Spargelbetrieb in Deutschland. Die Anbaufl\u00e4che wird dieses Jahr um weitere 1.5 Hektaren Gr\u00fcn- und 1 Hektare Weissspargeln vergr\u00f6ssert.<\/p>","protected":false},"excerpt":{"rendered":"<p>In diesem Fr\u00fchling beginnt die Spargelsaison \u00fcberraschend fr\u00fch anfangs April. Der Freiburgische Agropreis wird am Abend vor dem Spargelfest verliehen und wir durften den 1. Platz mit nach Hause nehmen. Auch dieses Jahr bilden wir uns weiter und besuchen den gr\u00f6ssten Spargelbetrieb in Deutschland. Die Anbaufl\u00e4che wird dieses Jahr um weitere 1.5 Hektaren Gr\u00fcn- und [&hellip;]<\/p>","protected":false},"author":1,"featured_media":0,"comment_status":"open","ping_status":"open","sticky":false,"template":"","format":"standard","meta":{"_et_pb_use_builder":"off","_et_pb_old_content":"","_et_gb_content_width":"","footnotes":""},"categories":[2],"tags":[],"yoast_head":"<!-- This site is optimized with the Yoast SEO plugin v21.1 - https:\/\/yoast.com\/wordpress\/plugins\/seo\/ -->\n<title>2014 - Seel\u00e4nderspargeln<\/title>\n<meta name=\"description\" content=\"Seel\u00e4nderspargeln, die Spargeln aus dem Seeland, aus Fr\u00e4schels, saisonal, regional, frisch.\" \/>\n<meta name=\"robots\" content=\"index, follow, max-snippet:-1, max-image-preview:large, max-video-preview:-1\" \/>\n<link rel=\"canonical\" href=\"https:\/\/www.seelaenderspargeln.ch\/fr\/2021\/02\/14\/2014\/\" \/>\n<meta property=\"og:locale\" content=\"fr_FR\" \/>\n<meta property=\"og:type\" content=\"article\" \/>\n<meta property=\"og:title\" content=\"2014 - Seel\u00e4nderspargeln\" \/>\n<meta property=\"og:description\" content=\"Seel\u00e4nderspargeln, die Spargeln aus dem Seeland, aus Fr\u00e4schels, saisonal, regional, frisch.\" \/>\n<meta property=\"og:url\" content=\"https:\/\/www.seelaenderspargeln.ch\/fr\/2021\/02\/14\/2014\/\" \/>\n<meta property=\"og:site_name\" content=\"Seel\u00e4nderspargeln\" \/>\n<meta property=\"article:publisher\" content=\"https:\/\/de-de.facebook.com\/Seelaenderspargeln\/\" \/>\n<meta property=\"article:published_time\" content=\"2021-02-14T09:30:00+00:00\" \/>\n<meta property=\"article:modified_time\" content=\"2021-02-14T12:39:07+00:00\" \/>\n<meta name=\"author\" content=\"AsparSee20\" \/>\n<meta name=\"twitter:card\" content=\"summary_large_image\" \/>\n<meta name=\"twitter:label1\" content=\"\u00c9crit par\" \/>\n\t<meta name=\"twitter:data1\" content=\"AsparSee20\" \/>\n<script type=\"application\/ld+json\" class=\"yoast-schema-graph\">{\"@context\":\"https:\/\/schema.org\",\"@graph\":[{\"@type\":\"Article\",\"@id\":\"https:\/\/www.seelaenderspargeln.ch\/2021\/02\/14\/2014\/#article\",\"isPartOf\":{\"@id\":\"https:\/\/www.seelaenderspargeln.ch\/2021\/02\/14\/2014\/\"},\"author\":{\"name\":\"AsparSee20\",\"@id\":\"https:\/\/www.seelaenderspargeln.ch\/#\/schema\/person\/1d5c4be8cd105d5be8fbc6adbbdb020c\"},\"headline\":\"2014\",\"datePublished\":\"2021-02-14T09:30:00+00:00\",\"dateModified\":\"2021-02-14T12:39:07+00:00\",\"mainEntityOfPage\":{\"@id\":\"https:\/\/www.seelaenderspargeln.ch\/2021\/02\/14\/2014\/\"},\"wordCount\":62,\"commentCount\":0,\"publisher\":{\"@id\":\"https:\/\/www.seelaenderspargeln.ch\/#organization\"},\"articleSection\":[\"Unternehmen\"],\"inLanguage\":\"fr-FR\",\"potentialAction\":[{\"@type\":\"CommentAction\",\"name\":\"Comment\",\"target\":[\"https:\/\/www.seelaenderspargeln.ch\/2021\/02\/14\/2014\/#respond\"]}]},{\"@type\":\"WebPage\",\"@id\":\"https:\/\/www.seelaenderspargeln.ch\/2021\/02\/14\/2014\/\",\"url\":\"https:\/\/www.seelaenderspargeln.ch\/2021\/02\/14\/2014\/\",\"name\":\"2014 - Seel\u00e4nderspargeln\",\"isPartOf\":{\"@id\":\"https:\/\/www.seelaenderspargeln.ch\/#website\"},\"datePublished\":\"2021-02-14T09:30:00+00:00\",\"dateModified\":\"2021-02-14T12:39:07+00:00\",\"description\":\"Seel\u00e4nderspargeln, die Spargeln aus dem Seeland, aus Fr\u00e4schels, saisonal, regional, frisch.\",\"breadcrumb\":{\"@id\":\"https:\/\/www.seelaenderspargeln.ch\/2021\/02\/14\/2014\/#breadcrumb\"},\"inLanguage\":\"fr-FR\",\"potentialAction\":[{\"@type\":\"ReadAction\",\"target\":[\"https:\/\/www.seelaenderspargeln.ch\/2021\/02\/14\/2014\/\"]}]},{\"@type\":\"BreadcrumbList\",\"@id\":\"https:\/\/www.seelaenderspargeln.ch\/2021\/02\/14\/2014\/#breadcrumb\",\"itemListElement\":[{\"@type\":\"ListItem\",\"position\":1,\"name\":\"Home\",\"item\":\"https:\/\/www.seelaenderspargeln.ch\/\"},{\"@type\":\"ListItem\",\"position\":2,\"name\":\"2014\"}]},{\"@type\":\"WebSite\",\"@id\":\"https:\/\/www.seelaenderspargeln.ch\/#website\",\"url\":\"https:\/\/www.seelaenderspargeln.ch\/\",\"name\":\"Seel\u00e4nderspargeln\",\"description\":\"Spargeln aus dem Seeland\",\"publisher\":{\"@id\":\"https:\/\/www.seelaenderspargeln.ch\/#organization\"},\"potentialAction\":[{\"@type\":\"SearchAction\",\"target\":{\"@type\":\"EntryPoint\",\"urlTemplate\":\"https:\/\/www.seelaenderspargeln.ch\/?s={search_term_string}\"},\"query-input\":\"required name=search_term_string\"}],\"inLanguage\":\"fr-FR\"},{\"@type\":\"Organization\",\"@id\":\"https:\/\/www.seelaenderspargeln.ch\/#organization\",\"name\":\"Seel\u00e4nderspargeln GmbH\",\"url\":\"https:\/\/www.seelaenderspargeln.ch\/\",\"logo\":{\"@type\":\"ImageObject\",\"inLanguage\":\"fr-FR\",\"@id\":\"https:\/\/www.seelaenderspargeln.ch\/#\/schema\/logo\/image\/\",\"url\":\"https:\/\/www.seelaenderspargeln.ch\/wp-content\/uploads\/2020\/04\/spargellogo4.png\",\"contentUrl\":\"https:\/\/www.seelaenderspargeln.ch\/wp-content\/uploads\/2020\/04\/spargellogo4.png\",\"width\":500,\"height\":165,\"caption\":\"Seel\u00e4nderspargeln GmbH\"},\"image\":{\"@id\":\"https:\/\/www.seelaenderspargeln.ch\/#\/schema\/logo\/image\/\"},\"sameAs\":[\"https:\/\/de-de.facebook.com\/Seelaenderspargeln\/\",\"https:\/\/www.instagram.com\/seelaenderspargeln\/?hl=de\"]},{\"@type\":\"Person\",\"@id\":\"https:\/\/www.seelaenderspargeln.ch\/#\/schema\/person\/1d5c4be8cd105d5be8fbc6adbbdb020c\",\"name\":\"AsparSee20\",\"image\":{\"@type\":\"ImageObject\",\"inLanguage\":\"fr-FR\",\"@id\":\"https:\/\/www.seelaenderspargeln.ch\/#\/schema\/person\/image\/\",\"url\":\"https:\/\/secure.gravatar.com\/avatar\/98facac445b5c597a55eeb87060c36dc?s=96&d=mm&r=g\",\"contentUrl\":\"https:\/\/secure.gravatar.com\/avatar\/98facac445b5c597a55eeb87060c36dc?s=96&d=mm&r=g\",\"caption\":\"AsparSee20\"},\"sameAs\":[\"https:\/\/www.seelaenderspargeln.ch\"]}]}<\/script>\n<!-- \/ Yoast SEO plugin. -->","yoast_head_json":{"title":"2014 - Seel\u00e4nderspargeln","description":"Seel\u00e4nderspargeln, die Spargeln aus dem Seeland, aus Fr\u00e4schels, saisonal, regional, frisch.","robots":{"index":"index","follow":"follow","max-snippet":"max-snippet:-1","max-image-preview":"max-image-preview:large","max-video-preview":"max-video-preview:-1"},"canonical":"https:\/\/www.seelaenderspargeln.ch\/fr\/2021\/02\/14\/2014\/","og_locale":"fr_FR","og_type":"article","og_title":"2014 - Seel\u00e4nderspargeln","og_description":"Seel\u00e4nderspargeln, die Spargeln aus dem Seeland, aus Fr\u00e4schels, saisonal, regional, frisch.","og_url":"https:\/\/www.seelaenderspargeln.ch\/fr\/2021\/02\/14\/2014\/","og_site_name":"Seel\u00e4nderspargeln","article_publisher":"https:\/\/de-de.facebook.com\/Seelaenderspargeln\/","article_published_time":"2021-02-14T09:30:00+00:00","article_modified_time":"2021-02-14T12:39:07+00:00","author":"AsparSee20","twitter_card":"summary_large_image","twitter_misc":{"\u00c9crit par":"AsparSee20"},"schema":{"@context":"https:\/\/schema.org","@graph":[{"@type":"Article","@id":"https:\/\/www.seelaenderspargeln.ch\/2021\/02\/14\/2014\/#article","isPartOf":{"@id":"https:\/\/www.seelaenderspargeln.ch\/2021\/02\/14\/2014\/"},"author":{"name":"AsparSee20","@id":"https:\/\/www.seelaenderspargeln.ch\/#\/schema\/person\/1d5c4be8cd105d5be8fbc6adbbdb020c"},"headline":"2014","datePublished":"2021-02-14T09:30:00+00:00","dateModified":"2021-02-14T12:39:07+00:00","mainEntityOfPage":{"@id":"https:\/\/www.seelaenderspargeln.ch\/2021\/02\/14\/2014\/"},"wordCount":62,"commentCount":0,"publisher":{"@id":"https:\/\/www.seelaenderspargeln.ch\/#organization"},"articleSection":["Unternehmen"],"inLanguage":"fr-FR","potentialAction":[{"@type":"CommentAction","name":"Comment","target":["https:\/\/www.seelaenderspargeln.ch\/2021\/02\/14\/2014\/#respond"]}]},{"@type":"WebPage","@id":"https:\/\/www.seelaenderspargeln.ch\/2021\/02\/14\/2014\/","url":"https:\/\/www.seelaenderspargeln.ch\/2021\/02\/14\/2014\/","name":"2014 - Seel\u00e4nderspargeln","isPartOf":{"@id":"https:\/\/www.seelaenderspargeln.ch\/#website"},"datePublished":"2021-02-14T09:30:00+00:00","dateModified":"2021-02-14T12:39:07+00:00","description":"Seel\u00e4nderspargeln, die Spargeln aus dem Seeland, aus Fr\u00e4schels, saisonal, regional, frisch.","breadcrumb":{"@id":"https:\/\/www.seelaenderspargeln.ch\/2021\/02\/14\/2014\/#breadcrumb"},"inLanguage":"fr-FR","potentialAction":[{"@type":"ReadAction","target":["https:\/\/www.seelaenderspargeln.ch\/2021\/02\/14\/2014\/"]}]},{"@type":"BreadcrumbList","@id":"https:\/\/www.seelaenderspargeln.ch\/2021\/02\/14\/2014\/#breadcrumb","itemListElement":[{"@type":"ListItem","position":1,"name":"Home","item":"https:\/\/www.seelaenderspargeln.ch\/"},{"@type":"ListItem","position":2,"name":"2014"}]},{"@type":"WebSite","@id":"https:\/\/www.seelaenderspargeln.ch\/#website","url":"https:\/\/www.seelaenderspargeln.ch\/","name":"Seel\u00e4nderspargeln","description":"Spargeln aus dem Seeland","publisher":{"@id":"https:\/\/www.seelaenderspargeln.ch\/#organization"},"potentialAction":[{"@type":"SearchAction","target":{"@type":"EntryPoint","urlTemplate":"https:\/\/www.seelaenderspargeln.ch\/?s={search_term_string}"},"query-input":"required name=search_term_string"}],"inLanguage":"fr-FR"},{"@type":"Organization","@id":"https:\/\/www.seelaenderspargeln.ch\/#organization","name":"Seel\u00e4nderspargeln GmbH","url":"https:\/\/www.seelaenderspargeln.ch\/","logo":{"@type":"ImageObject","inLanguage":"fr-FR","@id":"https:\/\/www.seelaenderspargeln.ch\/#\/schema\/logo\/image\/","url":"https:\/\/www.seelaenderspargeln.ch\/wp-content\/uploads\/2020\/04\/spargellogo4.png","contentUrl":"https:\/\/www.seelaenderspargeln.ch\/wp-content\/uploads\/2020\/04\/spargellogo4.png","width":500,"height":165,"caption":"Seel\u00e4nderspargeln GmbH"},"image":{"@id":"https:\/\/www.seelaenderspargeln.ch\/#\/schema\/logo\/image\/"},"sameAs":["https:\/\/de-de.facebook.com\/Seelaenderspargeln\/","https:\/\/www.instagram.com\/seelaenderspargeln\/?hl=de"]},{"@type":"Person","@id":"https:\/\/www.seelaenderspargeln.ch\/#\/schema\/person\/1d5c4be8cd105d5be8fbc6adbbdb020c","name":"AsparSee20","image":{"@type":"ImageObject","inLanguage":"fr-FR","@id":"https:\/\/www.seelaenderspargeln.ch\/#\/schema\/person\/image\/","url":"https:\/\/secure.gravatar.com\/avatar\/98facac445b5c597a55eeb87060c36dc?s=96&d=mm&r=g","contentUrl":"https:\/\/secure.gravatar.com\/avatar\/98facac445b5c597a55eeb87060c36dc?s=96&d=mm&r=g","caption":"AsparSee20"},"sameAs":["https:\/\/www.seelaenderspargeln.ch"]}]}},"_links":{"self":[{"href":"https:\/\/www.seelaenderspargeln.ch\/fr\/wp-json\/wp\/v2\/posts\/547"}],"collection":[{"href":"https:\/\/www.seelaenderspargeln.ch\/fr\/wp-json\/wp\/v2\/posts"}],"about":[{"href":"https:\/\/www.seelaenderspargeln.ch\/fr\/wp-json\/wp\/v2\/types\/post"}],"author":[{"embeddable":true,"href":"https:\/\/www.seelaenderspargeln.ch\/fr\/wp-json\/wp\/v2\/users\/1"}],"replies":[{"embeddable":true,"href":"https:\/\/www.seelaenderspargeln.ch\/fr\/wp-json\/wp\/v2\/comments?post=547"}],"version-history":[{"count":1,"href":"https:\/\/www.seelaenderspargeln.ch\/fr\/wp-json\/wp\/v2\/posts\/547\/revisions"}],"predecessor-version":[{"id":548,"href":"https:\/\/www.seelaenderspargeln.ch\/fr\/wp-json\/wp\/v2\/posts\/547\/revisions\/548"}],"wp:attachment":[{"href":"https:\/\/www.seelaenderspargeln.ch\/fr\/wp-json\/wp\/v2\/media?parent=547"}],"wp:term":[{"taxonomy":"category","embeddable":true,"href":"https:\/\/www.seelaenderspargeln.ch\/fr\/wp-json\/wp\/v2\/categories?post=547"},{"taxonomy":"post_tag","embeddable":true,"href":"https:\/\/www.seelaenderspargeln.ch\/fr\/wp-json\/wp\/v2\/tags?post=547"}],"curies":[{"name":"wp","href":"https:\/\/api.w.org\/{rel}","templated":true}]}}